{"id":397,"date":"2025-10-08T09:29:09","date_gmt":"2025-10-08T09:29:09","guid":{"rendered":"https:\/\/karatmedya.com.tr\/?p=397"},"modified":"2026-08-10T06:58:20","modified_gmt":"2026-08-10T06:58:20","slug":"ocaktan-prestijli-fuar-mujdesi","status":"publish","type":"post","link":"https:\/\/karatmedya.com.tr\/en\/2025\/10\/08\/ocaktan-prestijli-fuar-mujdesi\/","title":{"rendered":"Good News of \u2018Prestigious Fair\u2019 from Ocak"},"content":{"rendered":"<p class=\"wp-block-paragraph\"><strong>T\u00fcrkiye Ev Tekstili Sanayicileri ve \u0130\u015f \u0130nsanlar\u0131 Derne\u011fi (TETS\u0130AD) Y\u00f6netim Kurulu Ba\u015fkan Yard\u0131mc\u0131s\u0131 ve Ba\u015fkan Aday\u0131 Ufuk Ocak ev tekstili sekt\u00f6r\u00fcn\u00fcn en \u00f6nemli organizasyonu olan HOMETEX Fuar\u0131\u2019n\u0131n Ticaret Bakanl\u0131\u011f\u0131 taraf\u0131ndan \u201cyurt i\u00e7i prestijli fuar\u201d kapsam\u0131na al\u0131nd\u0131\u011f\u0131n\u0131n m\u00fcjdesini verdi.\u00a0<\/strong><\/p>\n\n\n\n<figure class=\"wp-block-image size-large\"><img loading=\"lazy\" decoding=\"async\" width=\"1024\" height=\"576\" src=\"https:\/\/karatmedya.com.tr\/wp-content\/uploads\/2025\/10\/tetsiad-baskan-adayi-ufuk-ocaktan-prestijli-fuar-mujdesi-1-1024x576.png\" alt=\"\" class=\"wp-image-400\" srcset=\"https:\/\/karatmedya.com.tr\/wp-content\/uploads\/2025\/10\/tetsiad-baskan-adayi-ufuk-ocaktan-prestijli-fuar-mujdesi-1-1024x576.png 1024w, https:\/\/karatmedya.com.tr\/wp-content\/uploads\/2025\/10\/tetsiad-baskan-adayi-ufuk-ocaktan-prestijli-fuar-mujdesi-1-300x169.png 300w, https:\/\/karatmedya.com.tr\/wp-content\/uploads\/2025\/10\/tetsiad-baskan-adayi-ufuk-ocaktan-prestijli-fuar-mujdesi-1-768x432.png 768w, https:\/\/karatmedya.com.tr\/wp-content\/uploads\/2025\/10\/tetsiad-baskan-adayi-ufuk-ocaktan-prestijli-fuar-mujdesi-1.png 1280w\" sizes=\"auto, (max-width: 1024px) 100vw, 1024px\" \/><\/figure>\n\n\n\n<p class=\"wp-block-paragraph\">Ufuk Ocak, se\u00e7im \u00e7al\u0131\u015fmalar\u0131 \u00e7er\u00e7evesinde Bursa, \u0130stanbul, Denizli ve Ankara ba\u015fda olmak \u00fczere T\u00fcrkiye\u2019deki ev tekstili \u00fcretici ve sat\u0131c\u0131lar\u0131n\u0131 ziyaret ediyor. Ev tekstilinin T\u00fcrkiye\u2019nin \u00f6nemli sekt\u00f6rlerinden biri oldu\u011funu ifade eden Ocak, uzun s\u00fcredir y\u00f6netimlerde ba\u015fkanvekili olarak g\u00f6rev yapt\u0131\u011f\u0131 i\u00e7in \u00fcyelerin talep ve sorunlar\u0131 ile bunlar\u0131n \u00e7\u00f6z\u00fcm \u00f6nerilerini \u00e7ok iyi bildi\u011fini s\u00f6yledi. TETS\u0130AD\u2019\u0131n en \u00f6nemli projelerinden birinin HOMETEX oldu\u011funa i\u015faret eden Ocak, \u201cHOMETEX\u2019e kat\u0131lacak firmalar\u0131n 2026 y\u0131l\u0131nda 1 milyon 300 bin TL\u2019ye varan destekten yararlanabilece\u011fini belirterek, \u201cDestek oran\u0131n\u0131n her y\u0131l enflasyon oran\u0131nda yenilenece\u011fine dair de Bakanl\u0131\u011f\u0131m\u0131zdan s\u00f6z ald\u0131k. Ev tekstili sekt\u00f6r\u00fcm\u00fcz i\u00e7in hay\u0131rl\u0131 olsun.\u201d dedi.<\/p>\n\n\n\n<h2 class=\"wp-block-heading\">6 milyon 300 bin dolar firmalara geri \u00f6dendi<\/h2>\n\n\n\n<p class=\"wp-block-paragraph\">G\u00f6rev s\u00fcresinde en \u00e7ok \u00f6nem verdikleri konunun HOMETEX Fuar\u0131 oldu\u011funu vurgulayan Ocak, fuar\u0131n ge\u00e7mi\u015fte ciddi s\u0131k\u0131nt\u0131lar ya\u015fad\u0131\u011f\u0131n\u0131 hat\u0131rlatt\u0131. Ocak, \u201cHOMETEX, bir d\u00f6nem organizat\u00f6r \u015firket nedeniyle risk alt\u0131ndayd\u0131. Biz TETS\u0130AD ve KFA Fuarc\u0131l\u0131k i\u015f birli\u011fiyle s\u00fcreci devrald\u0131k ve fuar\u0131 yeniden yap\u0131land\u0131rd\u0131k. \u00dcyelerimizin taleplerini dikkate alarak y\u00f6netim mekanizmas\u0131n\u0131 tamamen yeniledik. Organizat\u00f6r \u015firketin yol a\u00e7t\u0131\u011f\u0131 6 milyon 300 bin dolarl\u0131k kayb\u0131 d\u00f6rt y\u0131l i\u00e7inde firmalar\u0131m\u0131za geri \u00f6dedik. Bu s\u00fcre\u00e7te fuar\u0131n uluslararas\u0131 d\u00fczeyde g\u00fc\u00e7 kazanmas\u0131 i\u00e7in de \u00f6nemli ad\u0131mlar att\u0131k. Tan\u0131t\u0131m ve reklam \u00e7al\u0131\u015fmalar\u0131na h\u0131z verdik. TETS\u0130AD, UT\u0130B, DEN\u0130B ve KFA Fuarc\u0131l\u0131k ile fuara yurt d\u0131\u015f\u0131ndan al\u0131m heyetleri getirdik, kat\u0131l\u0131m\u0131 art\u0131rd\u0131k ve T\u00fcrkiye ev tekstili sekt\u00f6r\u00fcn\u00fcn g\u00f6r\u00fcn\u00fcrl\u00fc\u011f\u00fcn\u00fc g\u00fc\u00e7lendirdik.\u201d dedi.<\/p>\n\n\n\n<h2 class=\"wp-block-heading\">HOMETEX prestijli fuar oluyor<\/h2>\n\n\n\n<p class=\"wp-block-paragraph\">Ocak, HOMETEX\u2019in prestijli fuarlar aras\u0131na al\u0131nmas\u0131n\u0131n sekt\u00f6r a\u00e7\u0131s\u0131ndan tarihi bir kazan\u0131m oldu\u011funu belirterek, kat\u0131l\u0131mc\u0131lara b\u00fcy\u00fck bir m\u00fcjde verdi. Ocak, \u201cDaha \u00f6nce 300 bin TL civar\u0131nda olan destek tutar\u0131, yeni d\u00fczenleme ile birlikte \u00f6n\u00fcm\u00fczdeki y\u0131l en az 1 milyon 300 bin TL\u2019ye \u00e7\u0131kacak. \u00dcstelik bu destek, her y\u0131l enflasyon oran\u0131na g\u00f6re g\u00fcncellenecek. Ticaret Bakanl\u0131\u011f\u0131m\u0131zdan bu konuda s\u00f6z ald\u0131k. B\u00f6ylece fuara kat\u0131lan firmalar i\u00e7in \u00f6nemli ve s\u00fcrd\u00fcr\u00fclebilir bir destek mekanizmas\u0131 sa\u011flanm\u0131\u015f olacak. Ticaret Bakan\u0131m\u0131z Say\u0131n Prof. Dr. \u00d6mer Bolat\u2019a sekt\u00f6r\u00fcm\u00fcz ad\u0131na te\u015fekk\u00fcr ediyoruz.\u201d ifadelerini kulland\u0131.<\/p>\n\n\n\n<h2 class=\"wp-block-heading\">Kontrat tekstili fuar\u0131yla yeni f\u0131rsatlar<\/h2>\n\n\n\n<p class=\"wp-block-paragraph\">Yeni d\u00f6nem projelerine de de\u011finen Ocak, \u201c\u0130stanbul\u2019da yar\u0131m kalan dernek binam\u0131z\u0131 tamamlayarak \u00fcyelerimizin kullan\u0131m\u0131na sunduk. Kargo anla\u015fmalar\u0131yla \u00fcyelerimize 250 milyon TL\u2019nin \u00fczerinde avantaj sa\u011flad\u0131k. \u015eimdi s\u0131rada kontrat fuar\u0131 var. Tatil k\u00f6yleri, rezidanslar, oteller ve i\u015fyerlerinin tekstil ihtiyac\u0131nda daha fazla yer almak zorunday\u0131z. Bu alandaki bo\u015flu\u011fu dolduracak makul ve fizibilitesi sa\u011flam bir fuar d\u00fczenleyece\u011fiz. \u0130\u00e7 piyasay\u0131 g\u00fc\u00e7lendirmek, yurt d\u0131\u015f\u0131 kontrat i\u015flerini almak zorunday\u0131z.\u201d dedi.<\/p>\n\n\n\n<h2 class=\"wp-block-heading\">\u201cHOMETEX markas\u0131yla d\u00fcnyaya a\u00e7\u0131laca\u011f\u0131z\u201d<\/h2>\n\n\n\n<p class=\"wp-block-paragraph\">Ocak, HOMETEX World projesi kapsam\u0131nda uluslararas\u0131 pazarlara a\u00e7\u0131lacaklar\u0131n\u0131 a\u00e7\u0131klayarak, sekt\u00f6r i\u00e7in \u00f6nemli bir vizyon ortaya koyduklar\u0131n\u0131 anlatt\u0131. Ocak, \u201cOrtado\u011fu, Afrika, Suudi Arabistan, Meksika ve ABD\u2019de HOMETEX markas\u0131yla d\u00fczenleyece\u011fimiz fuarlarla bu pazarlarda etkinli\u011fimizi art\u0131raca\u011f\u0131z. Di\u011fer yandan UT\u0130B\u2019de edindi\u011fimiz UR-GE projeleri ve fuar tecr\u00fcbesini de TETS\u0130AD\u2019a ta\u015f\u0131yaca\u011f\u0131z.\u201d dedi.<\/p>\n\n\n\n<h2 class=\"wp-block-heading\">\u201cAnkara&#8217;ya TETS\u0130AD irtibat ofisi a\u00e7aca\u011f\u0131z\u201d<\/h2>\n\n\n\n<p class=\"wp-block-paragraph\">Ocak, Ankara\u2019daki TETS\u0130AD \u00fcyelerinin \u00f6zverisine dikkat \u00e7ekerek, devlet ve h\u00fck\u00fcmetle i\u015f birli\u011fini g\u00fc\u00e7lendirmek i\u00e7in \u00fcyelerin deste\u011fine ihtiya\u00e7 oldu\u011funu belirtti. Ufuk Ocak, \u201cAnkara, Denizli ve Bursa\u2019da TETS\u0130AD irtibat b\u00fcrolar\u0131 kuraca\u011f\u0131z. Bu sayede \u00fcyelerimiz s\u0131k\u0131nt\u0131lar\u0131n\u0131, taleplerini ve beklentilerini daha etkin \u015fekilde aktarabilecek. KOSGEB ve di\u011fer devlet desteklerini daha yak\u0131ndan takip etmek i\u00e7in \u00f6zel bir personel istihdam edece\u011fiz. Devletimiz her zaman b\u00fcy\u00fck destek sa\u011fl\u0131yor ancak i\u015f yo\u011funlu\u011fu nedeniyle f\u0131rsatlar ka\u00e7abiliyor. Biz, \u00fcyelerimizi bilgilendirecek bir ekip olu\u015fturacak ve s\u00fcrekli diyalog halinde olaca\u011f\u0131z.\u201d diye konu\u015ftu.<\/p>\n\n\n\n<h2 class=\"wp-block-heading\">Mikro ihracat i\u00e7in dev anla\u015fmalar<\/h2>\n\n\n\n<p class=\"wp-block-paragraph\">Anadolu\u2019nun \u00fcretim g\u00fcc\u00fcne dikkat \u00e7eken Ocak, \u201cAnkara\u2019daki firma ziyaretlerimizde y\u00fczlerce farkl\u0131 noktada da\u011f\u0131t\u0131m\u0131 olan firmalar\u0131m\u0131z\u0131 g\u00f6rd\u00fcm. Bu b\u00fcy\u00fck bir emek ve \u00e7aba gerektiriyor. UT\u0130B \u00e7at\u0131s\u0131 alt\u0131nda mikro ihracat konusunda bir\u00e7ok \u00e7al\u0131\u015fma yapt\u0131m. G\u00fcmr\u00fck Birli\u011fi anla\u015fmam\u0131z var. Avrupal\u0131 herhangi bir markadan paket evimize geliyor, bedel \u00f6demiyoruz. Ayn\u0131 haklar bizde de var ama maalesef kendi olu\u015fturdu\u011fumuz engeller var. Bir \u00fcr\u00fcn\u00fc paketleyip Kayseri\u2019ye, \u00c7orum\u2019a g\u00f6nderiyorsunuz \u015fimdi ayn\u0131 \u015fekilde Atina\u2019ya, Frankfurt\u2019a, Paris\u2019e de g\u00f6nderece\u011fiz. Bu do\u011frultuda DHL, FedEx, TNT gibi uluslararas\u0131 firmalarla g\u00f6r\u00fc\u015f\u00fcyoruz, g\u00fcmr\u00fck i\u015flemlerinizi ve servisinizi yapacak donan\u0131ma getiriyoruz. Ankaral\u0131 karde\u015flerimiz mikro ihracat yapacak, emeklerinin kar\u015f\u0131l\u0131\u011f\u0131n\u0131 alacak. Ayr\u0131ca bankalarla toplu POS anla\u015fmalar\u0131 yaparak \u00fcyelerimize finansal avantajlar da sunaca\u011f\u0131z.\u201d dedi.<\/p>\n\n\n\n<figure class=\"wp-block-image size-large\"><img loading=\"lazy\" decoding=\"async\" width=\"1024\" height=\"576\" src=\"https:\/\/karatmedya.com.tr\/wp-content\/uploads\/2025\/10\/tetsiad-baskan-adayi-ufuk-ocaktan-prestijli-fuar-mujdesi-4-1024x576.webp\" alt=\"\" class=\"wp-image-398\" srcset=\"https:\/\/karatmedya.com.tr\/wp-content\/uploads\/2025\/10\/tetsiad-baskan-adayi-ufuk-ocaktan-prestijli-fuar-mujdesi-4-1024x576.webp 1024w, https:\/\/karatmedya.com.tr\/wp-content\/uploads\/2025\/10\/tetsiad-baskan-adayi-ufuk-ocaktan-prestijli-fuar-mujdesi-4-300x169.webp 300w, https:\/\/karatmedya.com.tr\/wp-content\/uploads\/2025\/10\/tetsiad-baskan-adayi-ufuk-ocaktan-prestijli-fuar-mujdesi-4-768x432.webp 768w, https:\/\/karatmedya.com.tr\/wp-content\/uploads\/2025\/10\/tetsiad-baskan-adayi-ufuk-ocaktan-prestijli-fuar-mujdesi-4.webp 1280w\" sizes=\"auto, (max-width: 1024px) 100vw, 1024px\" \/><\/figure>\n\n\n\n<h2 class=\"wp-block-heading\">Gen\u00e7 TETS\u0130AD kuruluyor<\/h2>\n\n\n\n<p class=\"wp-block-paragraph\">Gen\u00e7leri sekt\u00f6re daha fazla dahil edeceklerini belirten Ocak, \u201cGen\u00e7 TETS\u0130AD\u2019\u0131 kurarak seminerler, konferanslar ve e\u011fitim programlar\u0131 d\u00fczenleyece\u011fiz. Yapay zeka ve e-ticaret gibi yeni alanlarda \u00fcyelerimizin \u00f6n\u00fcn\u00fc a\u00e7aca\u011f\u0131z. Onlar\u0131n enerjisi ve bilgi birikimiyle TETS\u0130AD\u2019\u0131n gelece\u011fini g\u00fc\u00e7lendirece\u011fiz.\u201d diye konu\u015ftu.<\/p>\n\n\n\n<p class=\"wp-block-paragraph\">Ocak, ev tekstili sekt\u00f6r\u00fcndeki ihracat ba\u015far\u0131s\u0131na da de\u011finerek, \u201c\u0130lk alt\u0131 ayda kilogram ba\u015f\u0131na ihracat de\u011ferimiz 8,75 dolara ula\u015ft\u0131. T\u00fcrkiye ortalamas\u0131 ise 2 dolar\u0131n alt\u0131nda. Biz \u00fclke ortalamas\u0131n\u0131n be\u015f kat\u0131na \u00e7\u0131km\u0131\u015f durumday\u0131z. Hedefimiz 10 dolara ula\u015fmak. Haks\u0131z ithalata kar\u015f\u0131 birlikte hareket ederek sekt\u00f6r\u00fcm\u00fcz\u00fc daha da g\u00fc\u00e7lendirece\u011fiz.\u201d dedi. Konu\u015fmas\u0131n\u0131n sonunda birlik ve beraberlik vurgusu yapan Ocak, \u201cTETS\u0130AD 1500\u2019\u00fc a\u015fk\u0131n \u00fcyesiyle \u00e7ok g\u00fc\u00e7l\u00fc bir dernek. Bunu tek ba\u015f\u0131ma de\u011fil, sizlerle birlikte y\u00f6netmek istiyorum. Kat\u0131l\u0131n, destek olun, TETS\u0130AD\u2019\u0131 hep birlikte b\u00fcy\u00fctelim.\u201d diye konu\u015ftu.<\/p>\n\n\n\n<h2 class=\"wp-block-heading\">ATO Ba\u015fkan\u0131 BARAN: \u201cUfuk Ocak sekt\u00f6r\u00fcn duayeni\u201d<\/h2>\n\n\n\n<p class=\"wp-block-paragraph\">ATO Ba\u015fkan\u0131 G\u00fcrsel Baran, Ufuk Ocak\u2019\u0131n ev tekstili sekt\u00f6r\u00fcn\u00fcn duayen isimlerinden oldu\u011funu s\u00f6yledi. Baran, \u201cUfuk Bey\u2019in sekt\u00f6re \u00e7ok \u00f6nemli katk\u0131lar sa\u011flayaca\u011f\u0131na y\u00fcrekten inan\u0131yor, Ekim ay\u0131nda yap\u0131lacak se\u00e7imlerde kendisine ba\u015far\u0131lar diliyorum.\u201d dedi. Ev tekstili sekt\u00f6r\u00fcn\u00fcn T\u00fcrkiye ekonomisi i\u00e7in kritik bir alan oldu\u011funa dikkat \u00e7eken Baran, \u201cBu sekt\u00f6r \u00fclkemizin ihracat\u0131 i\u00e7in, istihdam\u0131 i\u00e7in \u00e7ok k\u0131ymetli bir alan. \u0130hracat\u0131m\u0131z\u0131n y\u00fczde 95\u2019ini TETS\u0130AD \u00fcyeleri yap\u0131yor, bu \u00e7ok \u00f6nemli. 1.500\u2019\u00fc a\u015fk\u0131n \u00fcyesiyle TETS\u0130AD b\u00fcy\u00fck ve k\u0131ymetli bir aile. 3 milyar dolarl\u0131k ihracat rakam\u0131 ve en \u00f6nemlisi kilogram fiyat\u0131nda 8,75 dolar seviyesine ula\u015fm\u0131\u015f olmam\u0131z sekt\u00f6r\u00fc farkl\u0131 k\u0131l\u0131yor. E\u011fer sekt\u00f6rlerimizin tamam\u0131nda ev tekstilindeki gibi 8,75 dolar seviyesini yakalayabilsek, ekonomimiz \u00e7ok farkl\u0131 bir noktaya ula\u015f\u0131r. Bu ba\u015far\u0131n\u0131z\u0131 takdirle kar\u015f\u0131l\u0131yor, devam\u0131n\u0131 diliyorum.\u201d ifadelerini kulland\u0131.<\/p>\n\n\n\n<h2 class=\"wp-block-heading\">DEN\u0130B Ba\u015fkan\u0131 Memi\u015fo\u011flu: \u201cDenizli Ufuk Ocak\u2019\u0131n yan\u0131nda\u201d<\/h2>\n\n\n\n<p class=\"wp-block-paragraph\">DEN\u0130B Ba\u015fkan\u0131 H\u00fcseyin Memi\u015fo\u011flu, ge\u00e7mi\u015f d\u00f6nemlerde TETS\u0130AD\u2019da g\u00f6rev ald\u0131\u011f\u0131n\u0131 an\u0131msatarak, \u201cUfuk Abimiz yeni d\u00f6nemde bayra\u011f\u0131 ta\u015f\u0131maya aday oldu. \u0130ki t\u00fcrl\u00fc ba\u015fkan profili var. \u0130lki her \u015feyi tek ba\u015f\u0131na y\u00fcr\u00fcten, ikincisi ise ekip lideri olan ba\u015fkan. Eminim ki Ufuk Abi herkesin ba\u015fkan\u0131 olacak ve ekibiyle \u00e7al\u0131\u015fan bir ba\u015fkan olacak. Bizler onun i\u00e7in Ufuk Abinin yan\u0131nday\u0131z. Bug\u00fcne kadar her i\u015fte oldu\u011fu gibi bu s\u00fcre\u00e7ten de aln\u0131n\u0131n ak\u0131yla \u00e7\u0131kaca\u011f\u0131na inan\u0131yorum. Kendisinin yan\u0131nda oldu\u011fumuzu, beraber yol y\u00fcr\u00fcd\u00fc\u011f\u00fcm\u00fcz\u00fc ifade ediyor, ba\u015far\u0131lar diliyorum.\u201d dedi.<\/p>\n\n\n\n<figure class=\"wp-block-image size-large\"><img loading=\"lazy\" decoding=\"async\" width=\"1024\" height=\"576\" src=\"https:\/\/karatmedya.com.tr\/wp-content\/uploads\/2025\/10\/tetsiad-baskan-adayi-ufuk-ocaktan-prestijli-fuar-mujdesi-7-1024x576.webp\" alt=\"\" class=\"wp-image-399\" srcset=\"https:\/\/karatmedya.com.tr\/wp-content\/uploads\/2025\/10\/tetsiad-baskan-adayi-ufuk-ocaktan-prestijli-fuar-mujdesi-7-1024x576.webp 1024w, https:\/\/karatmedya.com.tr\/wp-content\/uploads\/2025\/10\/tetsiad-baskan-adayi-ufuk-ocaktan-prestijli-fuar-mujdesi-7-300x169.webp 300w, https:\/\/karatmedya.com.tr\/wp-content\/uploads\/2025\/10\/tetsiad-baskan-adayi-ufuk-ocaktan-prestijli-fuar-mujdesi-7-768x432.webp 768w, https:\/\/karatmedya.com.tr\/wp-content\/uploads\/2025\/10\/tetsiad-baskan-adayi-ufuk-ocaktan-prestijli-fuar-mujdesi-7.webp 1280w\" sizes=\"auto, (max-width: 1024px) 100vw, 1024px\" \/><\/figure>\n\n\n\n<h2 class=\"wp-block-heading\">Erol T\u00fcrk\u00fcn: \u201cBirlik beraberlikten gurur duydum\u201d<\/h2>\n\n\n\n<p class=\"wp-block-paragraph\">Ev tekstili sekt\u00f6r\u00fcn\u00fcn duayen isimlerinden T\u00fcrk\u00fcn Holding Y\u00f6netim Kurulu Ba\u015fkan\u0131 Erol T\u00fcrk\u00fcn, Ufuk Ocak liderli\u011finde olu\u015fan birlik beraberlik tablosundan duydu\u011fu memnuniyeti ifade etti. T\u00fcrk\u00fcn, \u201c\u0130\u015fte Bursa bu. Birlikten kuvvet do\u011fuyor. Bursa sayesinde Anadolu birle\u015fiyor.\u201d dedi. \u00d6zellikle yurt d\u0131\u015f\u0131 fuar kat\u0131l\u0131mlar\u0131 ile kad\u0131n ve gen\u00e7lerin y\u00f6netim s\u00fcre\u00e7lerine dahil edilmesi noktas\u0131nda Ufuk Ocak\u2019\u0131n projelerinin \u00f6nemli oldu\u011funu belirten T\u00fcrk\u00fcn, \u201cGen\u00e7leri ve kad\u0131nlar\u0131 bir araya getirelim. Arkada\u015f olsun, al\u0131\u015fveri\u015f yaps\u0131n, fuarlara birlikte kat\u0131ls\u0131nlar. Projelere destek veriyorum. Bursa b\u00fcy\u00fcrse T\u00fcrkiye b\u00fcy\u00fcyecek, ev tekstili b\u00fcy\u00fcrse T\u00fcrkiye b\u00fcy\u00fcyecek.\u201d diye konu\u015ftu.&nbsp;<\/p>\n\n\n\n<h2 class=\"wp-block-heading\">TETS\u0130AD Balkan\u0131 Bayram\u2019dan Ufuk Ocak\u2019a destek<\/h2>\n\n\n\n<p class=\"wp-block-paragraph\">TETS\u0130AD Y\u00f6netim Kurulu Ba\u015fkan\u0131 Hasan H\u00fcseyin Bayram, g\u00f6rev d\u00f6nemleri boyunca kar\u015f\u0131la\u015ft\u0131klar\u0131 t\u00fcm krizleri birlikte a\u015ft\u0131klar\u0131n\u0131 ifade ederek, \u201cBu s\u00fcre\u00e7teki \u00f6zverili \u00e7al\u0131\u015fmalar\u0131n devam etmesini sa\u011flamak ad\u0131na Y\u00f6netim Kurulumuz ile yapt\u0131\u011f\u0131m\u0131z toplant\u0131 neticesinde Ufuk Ocak\u2019\u0131n adayl\u0131\u011f\u0131n\u0131 destekleme karar\u0131 ald\u0131k. Birlikte ba\u015faraca\u011f\u0131z diyerek sekt\u00f6r\u00fcm\u00fcz\u00fcn de desteklerini bekledi\u011fimizi ifade ediyorum.\u201d dedi.<\/p>\n\n\n\n<h2 class=\"wp-block-heading\">Bursa Ufuk Ocak i\u00e7in tek y\u00fcrek<\/h2>\n\n\n\n<p class=\"wp-block-paragraph\">DOSAB Y\u00f6netim Kurulu Ba\u015fkan\u0131 Levent Eski Ufuk Ocak\u2019\u0131n DOSAB\u2019\u0131n de\u011ferli sanayicilerinden biri oldu\u011funu belirterek, \u201cBursa\u2019dan ve \u00f6zellikle b\u00f6lgemizden bir aday\u0131n olmas\u0131 bizim i\u00e7in \u00f6nemli bir konu. Ufuk Bey\u2019in TETS\u0130AD\u2019da \u00f6nemli i\u015flere imza ataca\u011f\u0131na inan\u0131yorum.\u201d dedi. DOSABS\u0130AD Ba\u015fkan\u0131 Onur Kutlualp ise Ufuk Ocak\u2019\u0131n b\u00f6lgenin duayen sanayicilerinden biri oldu\u011funu belirterek, se\u00e7im s\u00fcrecinde Ufuk Ocak\u2019\u0131n yan\u0131nda olduklar\u0131n\u0131 a\u00e7\u0131klad\u0131.<\/p>","protected":false},"excerpt":{"rendered":"<p>T\u00fcrkiye Ev Tekstili Sanayicileri ve \u0130\u015f \u0130nsanlar\u0131 Derne\u011fi (TETS\u0130AD) Y\u00f6netim Kurulu Ba\u015fkan Yard\u0131mc\u0131s\u0131 ve Ba\u015fkan Aday\u0131 Ufuk Ocak ev tekstili sekt\u00f6r\u00fcn\u00fcn en \u00f6nemli organizasyonu olan HOMETEX Fuar\u0131\u2019n\u0131n Ticaret Bakanl\u0131\u011f\u0131 taraf\u0131ndan \u201cyurt i\u00e7i prestijli fuar\u201d kapsam\u0131na al\u0131nd\u0131\u011f\u0131n\u0131n m\u00fcjdesini verdi.\u00a0 Ufuk Ocak, se\u00e7im \u00e7al\u0131\u015fmalar\u0131 \u00e7er\u00e7evesinde Bursa, \u0130stanbul, Denizli ve Ankara ba\u015fda olmak \u00fczere T\u00fcrkiye\u2019deki ev tekstili \u00fcretici [&hellip;]<\/p>\n","protected":false},"author":1,"featured_media":399,"comment_status":"open","ping_status":"open","sticky":false,"template":"","format":"standard","meta":{"footnotes":""},"categories":[8],"tags":[],"class_list":["post-397","post","type-post","status-publish","format-standard","has-post-thumbnail","hentry","category-haberler"],"_links":{"self":[{"href":"https:\/\/karatmedya.com.tr\/en\/wp-json\/wp\/v2\/posts\/397","targetHints":{"allow":["GET"]}}],"collection":[{"href":"https:\/\/karatmedya.com.tr\/en\/wp-json\/wp\/v2\/posts"}],"about":[{"href":"https:\/\/karatmedya.com.tr\/en\/wp-json\/wp\/v2\/types\/post"}],"author":[{"embeddable":true,"href":"https:\/\/karatmedya.com.tr\/en\/wp-json\/wp\/v2\/users\/1"}],"replies":[{"embeddable":true,"href":"https:\/\/karatmedya.com.tr\/en\/wp-json\/wp\/v2\/comments?post=397"}],"version-history":[{"count":1,"href":"https:\/\/karatmedya.com.tr\/en\/wp-json\/wp\/v2\/posts\/397\/revisions"}],"predecessor-version":[{"id":402,"href":"https:\/\/karatmedya.com.tr\/en\/wp-json\/wp\/v2\/posts\/397\/revisions\/402"}],"wp:featuredmedia":[{"embeddable":true,"href":"https:\/\/karatmedya.com.tr\/en\/wp-json\/wp\/v2\/media\/399"}],"wp:attachment":[{"href":"https:\/\/karatmedya.com.tr\/en\/wp-json\/wp\/v2\/media?parent=397"}],"wp:term":[{"taxonomy":"category","embeddable":true,"href":"https:\/\/karatmedya.com.tr\/en\/wp-json\/wp\/v2\/categories?post=397"},{"taxonomy":"post_tag","embeddable":true,"href":"https:\/\/karatmedya.com.tr\/en\/wp-json\/wp\/v2\/tags?post=397"}],"curies":[{"name":"wp","href":"https:\/\/api.w.org\/{rel}","templated":true}]}}